{"id":150,"date":"2026-08-31T12:25:30","date_gmt":"2026-08-31T15:25:30","guid":{"rendered":"https:\/\/rosanakalil.com.br\/alma\/?p=150"},"modified":"2026-09-02T12:33:02","modified_gmt":"2026-09-02T15:33:02","slug":"quando-a-alma-comeca-a-orientar-a-vida","status":"publish","type":"post","link":"https:\/\/rosanakalil.com.br\/alma\/quando-a-alma-comeca-a-orientar-a-vida\/","title":{"rendered":"Quando a Alma come\u00e7a a orientar a vida"},"content":{"rendered":"\n<p class=\"wp-block-paragraph\">Existe uma diferen\u00e7a entre <strong>ter uma espiritualidade dentro da vida<\/strong> e permitir que a consci\u00eancia espiritual participe verdadeiramente da forma como essa vida \u00e9 constru\u00edda.<\/p>\n\n\n\n<p class=\"wp-block-paragraph\">Muitas vezes, organizamos nossa exist\u00eancia a partir das necessidades humanas: trabalho, responsabilidades, compromissos, seguran\u00e7a, expectativas, medos e desejos. Depois, dentro dos espa\u00e7os que restam, tentamos encaixar aquilo que pertence \u00e0 dimens\u00e3o espiritual.<\/p>\n\n\n\n<p class=\"wp-block-paragraph\">Mas, uma mensagem canalizada durante a <strong>Sintonia da Alma<\/strong> trouxe uma perspectiva diferente: talvez o movimento mais coerente seja justamente o contr\u00e1rio.<\/p>\n\n\n<div class=\"wp-block-image\">\n<figure class=\"aligncenter size-large is-resized\"><img loading=\"lazy\" decoding=\"async\" width=\"772\" height=\"1024\" src=\"https:\/\/rosanakalil.com.br\/alma\/wp-content\/uploads\/2026\/09\/2-772x1024.png\" alt=\"\" class=\"wp-image-152\" style=\"aspect-ratio:0.7539024948500801;width:554px;height:auto\" srcset=\"https:\/\/rosanakalil.com.br\/alma\/wp-content\/uploads\/2026\/09\/2-772x1024.png 772w, https:\/\/rosanakalil.com.br\/alma\/wp-content\/uploads\/2026\/09\/2-226x300.png 226w, https:\/\/rosanakalil.com.br\/alma\/wp-content\/uploads\/2026\/09\/2-768x1018.png 768w, https:\/\/rosanakalil.com.br\/alma\/wp-content\/uploads\/2026\/09\/2.png 1089w\" sizes=\"auto, (max-width: 772px) 100vw, 772px\" \/><\/figure>\n<\/div>\n\n\n<h2 class=\"wp-block-heading\">Eu Humano e Eu Espiritual<\/h2>\n\n\n\n<p class=\"wp-block-paragraph\">Os altos e baixos fazem parte da experi\u00eancia humana. A jornada n\u00e3o \u00e9 linear e sempre existir\u00e3o momentos de expans\u00e3o e recolhimento, certezas e d\u00favidas, montanhas e vales. Entretanto, quando essas oscila\u00e7\u00f5es se tornam muito intensas, pode existir uma falta de coer\u00eancia entre aquilo que a Alma reconhece como verdadeiro e a maneira como a vida est\u00e1 sendo conduzida.<\/p>\n\n\n<div class=\"wp-block-image\">\n<figure class=\"aligncenter size-large is-resized\"><img loading=\"lazy\" decoding=\"async\" width=\"772\" height=\"1024\" src=\"https:\/\/rosanakalil.com.br\/alma\/wp-content\/uploads\/2026\/09\/3-1-772x1024.png\" alt=\"\" class=\"wp-image-153\" style=\"aspect-ratio:0.7539024948500801;width:575px;height:auto\" srcset=\"https:\/\/rosanakalil.com.br\/alma\/wp-content\/uploads\/2026\/09\/3-1-772x1024.png 772w, https:\/\/rosanakalil.com.br\/alma\/wp-content\/uploads\/2026\/09\/3-1-226x300.png 226w, https:\/\/rosanakalil.com.br\/alma\/wp-content\/uploads\/2026\/09\/3-1-768x1019.png 768w, https:\/\/rosanakalil.com.br\/alma\/wp-content\/uploads\/2026\/09\/3-1.png 1089w\" sizes=\"auto, (max-width: 772px) 100vw, 772px\" \/><\/figure>\n<\/div>\n\n\n<p class=\"wp-block-paragraph\">Quando o Eu Espiritual aponta para uma dire\u00e7\u00e3o, mas nossas escolhas continuam sendo determinadas prioritariamente pelas demandas, medos e necessidades percebidas pelo Eu Humano, cria-se uma dist\u00e2ncia interna.<\/p>\n\n\n\n<p class=\"wp-block-paragraph\">A proposta n\u00e3o \u00e9 abandonar a experi\u00eancia humana em favor da espiritualidade. Pelo contr\u00e1rio: <strong>o Eu Humano precisa ser cuidado, fortalecido e plenamente vivido.<\/strong> A mudan\u00e7a est\u00e1 em compreender que ele faz parte de uma experi\u00eancia maior.<\/p>\n\n\n<div class=\"wp-block-image\">\n<figure class=\"aligncenter size-large is-resized\"><img loading=\"lazy\" decoding=\"async\" width=\"777\" height=\"1024\" src=\"https:\/\/rosanakalil.com.br\/alma\/wp-content\/uploads\/2026\/09\/4-1-777x1024.png\" alt=\"\" class=\"wp-image-154\" style=\"aspect-ratio:0.7587969603564562;width:583px;height:auto\" srcset=\"https:\/\/rosanakalil.com.br\/alma\/wp-content\/uploads\/2026\/09\/4-1-777x1024.png 777w, https:\/\/rosanakalil.com.br\/alma\/wp-content\/uploads\/2026\/09\/4-1-228x300.png 228w, https:\/\/rosanakalil.com.br\/alma\/wp-content\/uploads\/2026\/09\/4-1-767x1012.png 767w, https:\/\/rosanakalil.com.br\/alma\/wp-content\/uploads\/2026\/09\/4-1.png 1092w\" sizes=\"auto, (max-width: 777px) 100vw, 777px\" \/><\/figure>\n<\/div>\n\n\n<p class=\"wp-block-paragraph\">Como trouxe a canaliza\u00e7\u00e3o:<\/p>\n\n\n\n<blockquote class=\"wp-block-quote is-layout-flow wp-block-quote-is-layout-flow\">\n<p class=\"wp-block-paragraph\"><strong>\u201cQuem d\u00e1 forma ao eu humano \u00e9 o eu espiritual, e n\u00e3o o contr\u00e1rio.\u201d<\/strong><\/p>\n<\/blockquote>\n\n\n\n<p class=\"wp-block-paragraph\">Talvez seja essa a invers\u00e3o necess\u00e1ria: em vez de perguntar quanto espa\u00e7o a vida permite dedicar \u00e0 Alma, come\u00e7ar a perceber <strong>como a Alma deseja orientar a vida.<\/strong><\/p>\n\n\n\n<h2 class=\"wp-block-heading\">O que a sua Alma precisa diariamente?<\/h2>\n\n\n\n<p class=\"wp-block-paragraph\">Essa talvez seja uma das perguntas mais importantes trazidas pela mensagem.<\/p>\n\n\n<div class=\"wp-block-image\">\n<figure class=\"aligncenter size-large is-resized\"><img loading=\"lazy\" decoding=\"async\" width=\"768\" height=\"1024\" src=\"https:\/\/rosanakalil.com.br\/alma\/wp-content\/uploads\/2026\/09\/5-1-768x1024-1.png\" alt=\"\" class=\"wp-image-155\" style=\"aspect-ratio:0.750007629627369;width:592px;height:auto\" srcset=\"https:\/\/rosanakalil.com.br\/alma\/wp-content\/uploads\/2026\/09\/5-1-768x1024-1.png 768w, https:\/\/rosanakalil.com.br\/alma\/wp-content\/uploads\/2026\/09\/5-1-225x300.png 225w, https:\/\/rosanakalil.com.br\/alma\/wp-content\/uploads\/2026\/09\/5-1.png 1086w\" sizes=\"auto, (max-width: 768px) 100vw, 768px\" \/><\/figure>\n<\/div>\n\n\n<p class=\"wp-block-paragraph\">N\u00e3o se trata apenas de meditar ocasionalmente, participar de uma pr\u00e1tica espiritual, receber um atendimento ou reservar um momento espec\u00edfico da semana para essa conex\u00e3o.<\/p>\n\n\n\n<p class=\"wp-block-paragraph\">A espiritualidade pode fazer parte do cotidiano.<\/p>\n\n\n\n<p class=\"wp-block-paragraph\"><strong>O que a sua Alma precisa todos os dias?<\/strong><\/p>\n\n\n\n<p class=\"wp-block-paragraph\">Talvez seja sil\u00eancio. Ora\u00e7\u00e3o. Presen\u00e7a. Conex\u00e3o. Verdade. Contribui\u00e7\u00e3o. Compartilhamento. Um abra\u00e7o. Um momento de escuta interior.<\/p>\n\n\n\n<p class=\"wp-block-paragraph\">N\u00e3o existe necessariamente uma \u00fanica resposta. O importante \u00e9 come\u00e7ar a reconhecer essas necessidades e criar espa\u00e7o para atend\u00ea-las. Conforme essa rela\u00e7\u00e3o se fortalece, novas necessidades e novos direcionamentos tamb\u00e9m podem se revelar.<\/p>\n\n\n\n<h2 class=\"wp-block-heading\">Uma vida orientada de dentro para fora<\/h2>\n\n\n\n<p class=\"wp-block-paragraph\">A verdadeira coer\u00eancia come\u00e7a quando a vida deixa de determinar quanto espa\u00e7o haver\u00e1 para a Alma e <strong>a Alma come\u00e7a a participar da maneira como a vida ser\u00e1 vivida.<\/strong><\/p>\n\n\n<div class=\"wp-block-image\">\n<figure class=\"aligncenter size-large is-resized\"><img loading=\"lazy\" decoding=\"async\" width=\"768\" height=\"1024\" src=\"https:\/\/rosanakalil.com.br\/alma\/wp-content\/uploads\/2026\/09\/6-1-768x1024-1.png\" alt=\"\" class=\"wp-image-156\" style=\"aspect-ratio:0.750007629627369;width:570px;height:auto\" srcset=\"https:\/\/rosanakalil.com.br\/alma\/wp-content\/uploads\/2026\/09\/6-1-768x1024-1.png 768w, https:\/\/rosanakalil.com.br\/alma\/wp-content\/uploads\/2026\/09\/6-1-225x300.png 225w, https:\/\/rosanakalil.com.br\/alma\/wp-content\/uploads\/2026\/09\/6-1.png 1086w\" sizes=\"auto, (max-width: 768px) 100vw, 768px\" \/><\/figure>\n<\/div>\n\n\n<p class=\"wp-block-paragraph\">Esse princ\u00edpio est\u00e1 profundamente relacionado \u00e0 proposta da <strong>Sintonia da Alma<\/strong>. N\u00e3o se trata de negar a mat\u00e9ria para alcan\u00e7ar o esp\u00edrito, nem de diminuir a import\u00e2ncia da experi\u00eancia humana.<\/p>\n\n\n\n<p class=\"wp-block-paragraph\">Trata-se de aproximar essas duas dimens\u00f5es.<\/p>\n\n\n\n<p class=\"wp-block-paragraph\">De permitir que, pouco a pouco, escolhas, rela\u00e7\u00f5es, caminhos e formas de viver expressem com maior verdade aquilo que existe em um n\u00edvel mais profundo do ser.<\/p>\n\n\n<div class=\"wp-block-image\">\n<figure class=\"aligncenter size-large is-resized\"><img loading=\"lazy\" decoding=\"async\" width=\"768\" height=\"1024\" src=\"https:\/\/rosanakalil.com.br\/alma\/wp-content\/uploads\/2026\/09\/7-768x1024-1.png\" alt=\"\" class=\"wp-image-157\" style=\"aspect-ratio:0.750007629627369;width:574px;height:auto\" srcset=\"https:\/\/rosanakalil.com.br\/alma\/wp-content\/uploads\/2026\/09\/7-768x1024-1.png 768w, https:\/\/rosanakalil.com.br\/alma\/wp-content\/uploads\/2026\/09\/7-225x300.png 225w, https:\/\/rosanakalil.com.br\/alma\/wp-content\/uploads\/2026\/09\/7.png 1086w\" sizes=\"auto, (max-width: 768px) 100vw, 768px\" \/><\/figure>\n<\/div>\n\n\n<pre class=\"wp-block-preformatted\">Talvez alinhar-se \u00e0 Alma seja justamente isso: permitir que o Eu Humano se torne, cada vez mais, uma express\u00e3o coerente do Eu Espiritual.<\/pre>\n\n\n\n<p class=\"wp-block-paragraph\"><strong>Cordialmente,<br>Rosana Kalil<\/strong><br>\u2014<br><strong><em>Canalizadora e Terapeuta<\/em><\/strong><br><em>Instagram<\/em>:\u00a0<a href=\"https:\/\/www.instagram.com\/rosanakalil\/\">@rosanakalil<\/a><br><em>E-mail<\/em>: contato@rosanakalil.com.br<br><em>Whatsapp<\/em>:\u00a0<a href=\"http:\/\/wa.me\/5561999483034\">(61) 99948-3034<\/a><\/p>\n","protected":false},"excerpt":{"rendered":"<p>Existe uma diferen\u00e7a entre ter uma espiritualidade dentro da vida e permitir que a consci\u00eancia espiritual participe verdadeiramente da forma como essa vida \u00e9 constru\u00edda. Muitas vezes, organizamos nossa exist\u00eancia a partir das necessidades humanas: trabalho, responsabilidades, compromissos, seguran\u00e7a, expectativas, medos e desejos. Depois, dentro dos espa\u00e7os que restam, tentamos encaixar aquilo que pertence \u00e0 [&hellip;]<\/p>\n","protected":false},"author":1,"featured_media":151,"comment_status":"open","ping_status":"open","sticky":false,"template":"","format":"standard","meta":{"footnotes":""},"categories":[8],"tags":[11,10,9,12],"class_list":["post-150","post","type-post","status-publish","format-standard","has-post-thumbnail","hentry","category-mensagem-estelar","tag-andromedanos","tag-arcturianos","tag-pleiadianos","tag-sirianos"],"_links":{"self":[{"href":"https:\/\/rosanakalil.com.br\/alma\/wp-json\/wp\/v2\/posts\/150","targetHints":{"allow":["GET"]}}],"collection":[{"href":"https:\/\/rosanakalil.com.br\/alma\/wp-json\/wp\/v2\/posts"}],"about":[{"href":"https:\/\/rosanakalil.com.br\/alma\/wp-json\/wp\/v2\/types\/post"}],"author":[{"embeddable":true,"href":"https:\/\/rosanakalil.com.br\/alma\/wp-json\/wp\/v2\/users\/1"}],"replies":[{"embeddable":true,"href":"https:\/\/rosanakalil.com.br\/alma\/wp-json\/wp\/v2\/comments?post=150"}],"version-history":[{"count":1,"href":"https:\/\/rosanakalil.com.br\/alma\/wp-json\/wp\/v2\/posts\/150\/revisions"}],"predecessor-version":[{"id":158,"href":"https:\/\/rosanakalil.com.br\/alma\/wp-json\/wp\/v2\/posts\/150\/revisions\/158"}],"wp:featuredmedia":[{"embeddable":true,"href":"https:\/\/rosanakalil.com.br\/alma\/wp-json\/wp\/v2\/media\/151"}],"wp:attachment":[{"href":"https:\/\/rosanakalil.com.br\/alma\/wp-json\/wp\/v2\/media?parent=150"}],"wp:term":[{"taxonomy":"category","embeddable":true,"href":"https:\/\/rosanakalil.com.br\/alma\/wp-json\/wp\/v2\/categories?post=150"},{"taxonomy":"post_tag","embeddable":true,"href":"https:\/\/rosanakalil.com.br\/alma\/wp-json\/wp\/v2\/tags?post=150"}],"curies":[{"name":"wp","href":"https:\/\/api.w.org\/{rel}","templated":true}]}}