{"id":118,"date":"2026-08-21T11:40:00","date_gmt":"2026-08-21T14:40:00","guid":{"rendered":"https:\/\/rosanakalil.com.br\/alma\/?p=118"},"modified":"2026-09-02T11:44:08","modified_gmt":"2026-09-02T14:44:08","slug":"como-as-consciencias-estelares-e-multidimensionais-atuam-na-sintonia-da-alma","status":"publish","type":"post","link":"https:\/\/rosanakalil.com.br\/alma\/como-as-consciencias-estelares-e-multidimensionais-atuam-na-sintonia-da-alma\/","title":{"rendered":"Como as Consci\u00eancias Estelares e Multidimensionais atuam na Sintonia da Alma?"},"content":{"rendered":"\n<pre class=\"wp-block-preformatted\">Um quarteto de consci\u00eancias. Uma arquitetura multidimensional. Um campo de conex\u00e3o, integra\u00e7\u00e3o e expans\u00e3o.<\/pre>\n\n\n\n<p class=\"wp-block-paragraph\">A Sintonia da Alma nasceu como um processo de reconex\u00e3o entre o&nbsp;<strong>Eu Humano e o Eu Espiritual<\/strong>. Ao longo de seu desenvolvimento, diferentes frequ\u00eancias, geometrias e consci\u00eancias passaram a compor o campo no qual esse trabalho acontece.<\/p>\n\n\n\n<p class=\"wp-block-paragraph\">Entre elas, quatro consci\u00eancias estelares e multidimensionais assumem uma presen\u00e7a fundamental:&nbsp;<strong>Pleiadianos, Arcturianos, Sirianos e Andromedanos<\/strong>.<\/p>\n\n\n\n<p class=\"wp-block-paragraph\">N\u00e3o percebo suas atua\u00e7\u00f5es como quatro for\u00e7as separadas. Elas formam um campo integrado, no qual cada frequ\u00eancia oferece uma qualidade espec\u00edfica e, ao mesmo tempo, complementar \u00e0s demais.<\/p>\n\n\n\n<p class=\"wp-block-paragraph\">\u00c9 desse encontro que surge uma esp\u00e9cie de&nbsp;<strong>arquitetura multidimensional da Sintonia da Alma<\/strong>.<\/p>\n\n\n\n<h3 class=\"wp-block-heading\">Quatro consci\u00eancias, quatro qualidades de frequ\u00eancia<\/h3>\n\n\n\n<p class=\"wp-block-paragraph\">A frequ\u00eancia&nbsp;<strong>pleiadiana<\/strong>&nbsp;est\u00e1 profundamente relacionada ao amor e \u00e0 expans\u00e3o da consci\u00eancia. \u00c9 uma energia de compaix\u00e3o, reconex\u00e3o com a ess\u00eancia e despertar interior. Sua presen\u00e7a nos recorda de que nossa exist\u00eancia n\u00e3o se limita \u00e0 experi\u00eancia humana que estamos vivendo agora.<\/p>\n\n\n\n<figure class=\"wp-block-gallery has-nested-images columns-default is-cropped wp-block-gallery-1 is-layout-flex wp-block-gallery-is-layout-flex\">\n<figure class=\"wp-block-image size-large\"><img loading=\"lazy\" decoding=\"async\" width=\"819\" height=\"1024\" data-id=\"122\" src=\"https:\/\/rosanakalil.com.br\/alma\/wp-content\/uploads\/2026\/09\/3-819x1024.png\" alt=\"\" class=\"wp-image-122\" srcset=\"https:\/\/rosanakalil.com.br\/alma\/wp-content\/uploads\/2026\/09\/3-819x1024.png 819w, https:\/\/rosanakalil.com.br\/alma\/wp-content\/uploads\/2026\/09\/3-240x300.png 240w, https:\/\/rosanakalil.com.br\/alma\/wp-content\/uploads\/2026\/09\/3-767x959.png 767w, https:\/\/rosanakalil.com.br\/alma\/wp-content\/uploads\/2026\/09\/3.png 1122w\" sizes=\"auto, (max-width: 819px) 100vw, 819px\" \/><\/figure>\n\n\n\n<figure class=\"wp-block-image size-large\"><img loading=\"lazy\" decoding=\"async\" width=\"1122\" height=\"1402\" data-id=\"119\" src=\"https:\/\/rosanakalil.com.br\/alma\/wp-content\/uploads\/2026\/09\/4-819x1024.png\" alt=\"\" class=\"wp-image-119\" srcset=\"https:\/\/rosanakalil.com.br\/alma\/wp-content\/uploads\/2026\/09\/4-819x1024.png 819w, https:\/\/rosanakalil.com.br\/alma\/wp-content\/uploads\/2026\/09\/4-240x300.png 240w, https:\/\/rosanakalil.com.br\/alma\/wp-content\/uploads\/2026\/09\/4-767x959.png 767w, https:\/\/rosanakalil.com.br\/alma\/wp-content\/uploads\/2026\/09\/4.png 1122w\" sizes=\"auto, (max-width: 1122px) 100vw, 1122px\" \/><\/figure>\n\n\n\n<figure class=\"wp-block-image size-large\"><img loading=\"lazy\" decoding=\"async\" width=\"819\" height=\"1024\" data-id=\"120\" src=\"https:\/\/rosanakalil.com.br\/alma\/wp-content\/uploads\/2026\/09\/5-819x1024.png\" alt=\"\" class=\"wp-image-120\" srcset=\"https:\/\/rosanakalil.com.br\/alma\/wp-content\/uploads\/2026\/09\/5-819x1024.png 819w, https:\/\/rosanakalil.com.br\/alma\/wp-content\/uploads\/2026\/09\/5-240x300.png 240w, https:\/\/rosanakalil.com.br\/alma\/wp-content\/uploads\/2026\/09\/5-767x959.png 767w, https:\/\/rosanakalil.com.br\/alma\/wp-content\/uploads\/2026\/09\/5.png 1122w\" sizes=\"auto, (max-width: 819px) 100vw, 819px\" \/><\/figure>\n\n\n\n<figure class=\"wp-block-image size-large\"><img loading=\"lazy\" decoding=\"async\" width=\"819\" height=\"1024\" data-id=\"121\" src=\"https:\/\/rosanakalil.com.br\/alma\/wp-content\/uploads\/2026\/09\/6-819x1024.png\" alt=\"\" class=\"wp-image-121\" srcset=\"https:\/\/rosanakalil.com.br\/alma\/wp-content\/uploads\/2026\/09\/6-819x1024.png 819w, https:\/\/rosanakalil.com.br\/alma\/wp-content\/uploads\/2026\/09\/6-240x300.png 240w, https:\/\/rosanakalil.com.br\/alma\/wp-content\/uploads\/2026\/09\/6-767x959.png 767w, https:\/\/rosanakalil.com.br\/alma\/wp-content\/uploads\/2026\/09\/6.png 1122w\" sizes=\"auto, (max-width: 819px) 100vw, 819px\" \/><\/figure>\n<\/figure>\n\n\n\n<p class=\"wp-block-paragraph\">Os&nbsp;<strong>Arcturianos<\/strong>&nbsp;trazem outra qualidade ao campo: estrutura, organiza\u00e7\u00e3o, precis\u00e3o e intelig\u00eancia energ\u00e9tica. Sua atua\u00e7\u00e3o est\u00e1 relacionada \u00e0s geometrias, frequ\u00eancias, c\u00f3digos e \u00e0 reorganiza\u00e7\u00e3o das estruturas sutis. \u00c9 como uma intelig\u00eancia ordenadora, capaz de auxiliar na cria\u00e7\u00e3o de coer\u00eancia onde existem desarmonia e desorganiza\u00e7\u00e3o energ\u00e9tica.<\/p>\n\n\n\n<p class=\"wp-block-paragraph\">A frequ\u00eancia&nbsp;<strong>siriana<\/strong>, por sua vez, est\u00e1 ligada \u00e0 sabedoria ancestral, aos c\u00f3digos de ativa\u00e7\u00e3o e aos conhecimentos multidimensionais. Existe nela uma qualidade de lembran\u00e7a, como se determinadas informa\u00e7\u00f5es n\u00e3o precisassem ser aprendidas pela primeira vez, mas reconhecidas e reintegradas \u00e0 consci\u00eancia.<\/p>\n\n\n\n<p class=\"wp-block-paragraph\">E os&nbsp;<strong>Andromedanos<\/strong>&nbsp;trazem ao campo uma frequ\u00eancia de liberdade e expans\u00e3o. Sua atua\u00e7\u00e3o favorece a abertura para novos paradigmas e para possibilidades que ultrapassam aquilo que j\u00e1 conhecemos. \u00c9 uma energia que convida a dissolver estruturas limitantes e a ampliar os limites daquilo que acreditamos ser poss\u00edvel.<\/p>\n\n\n\n<blockquote class=\"wp-block-quote is-layout-flow wp-block-quote-is-layout-flow\">\n<p class=\"wp-block-paragraph\">Amor e consci\u00eancia.<br>Ordem e intelig\u00eancia energ\u00e9tica.<br>Sabedoria e ativa\u00e7\u00e3o.<br>Liberdade e expans\u00e3o.<\/p>\n<\/blockquote>\n\n\n\n<p class=\"wp-block-paragraph\">Separadamente, s\u00e3o frequ\u00eancias distintas.&nbsp;<strong>Juntas, formam uma intelig\u00eancia multidimensional integrada.<\/strong><\/p>\n\n\n\n<h3 class=\"wp-block-heading\">O hexaedro como estrutura do campo<\/h3>\n\n\n<div class=\"wp-block-image\">\n<figure class=\"aligncenter is-resized\"><a class=\"image-link image2 is-viewable-img can-restack\" href=\"https:\/\/substackcdn.com\/image\/fetch\/$s_!tXHr!,f_auto,q_auto:good,fl_progressive:steep\/https%3A%2F%2Fsubstack-post-media.s3.amazonaws.com%2Fpublic%2Fimages%2F772a19fd-0e71-462f-96ac-20c5982c4c12_1254x1254.png\" target=\"_blank\" rel=\"noopener\"><img decoding=\"async\" src=\"https:\/\/substackcdn.com\/image\/fetch\/$s_!tXHr!,w_1456,c_limit,f_auto,q_auto:good,fl_progressive:steep\/https%3A%2F%2Fsubstack-post-media.s3.amazonaws.com%2Fpublic%2Fimages%2F772a19fd-0e71-462f-96ac-20c5982c4c12_1254x1254.png\" alt=\"\" style=\"aspect-ratio:1;width:425px;height:auto\"\/><\/a><\/figure>\n<\/div>\n\n\n<p class=\"wp-block-paragraph\">Durante a Sintoniza\u00e7\u00e3o, esse quarteto atua formando uma&nbsp;<strong>estrutura hexa\u00e9drica multidimensional<\/strong>.<\/p>\n\n\n\n<p class=\"wp-block-paragraph\">O hexaedro, ou cubo, \u00e9 um dos cinco s\u00f3lidos plat\u00f4nicos. \u00c9 constitu\u00eddo por&nbsp;<strong>seis faces, doze arestas e oito v\u00e9rtices<\/strong>&nbsp;e, dentro da linguagem da geometria sagrada utilizada na Sintonia da Alma, est\u00e1 associado \u00e0&nbsp;<strong>estrutura, estabilidade, organiza\u00e7\u00e3o, equil\u00edbrio e manifesta\u00e7\u00e3o<\/strong>.<\/p>\n\n\n\n<p class=\"wp-block-paragraph\">Essa geometria traz um simbolismo especialmente importante para o processo:&nbsp;<strong>dar forma e sustenta\u00e7\u00e3o \u00e0 energia<\/strong>.<\/p>\n\n\n\n<p class=\"wp-block-paragraph\">N\u00e3o basta que diferentes frequ\u00eancias estejam presentes. \u00c9 necess\u00e1rio uma estrutura capaz de&nbsp;<strong>receb\u00ea-las, organiz\u00e1-las e integr\u00e1-las<\/strong>.<\/p>\n\n\n\n<p class=\"wp-block-paragraph\">Por isso, o hexaedro se manifesta como um&nbsp;<strong>modelo de arquitetura energ\u00e9tica<\/strong>: um espa\u00e7o estruturado no qual as diferentes intelig\u00eancias podem atuar conjuntamente.<\/p>\n\n\n\n<h3 class=\"wp-block-heading\">Da 5\u00aa \u00e0 9\u00aa dimens\u00e3o<\/h3>\n\n\n\n<p class=\"wp-block-paragraph\">Dentro da proposta multidimensional da Sintonia da Alma, essa arquitetura hexa\u00e9drica cria um campo de atua\u00e7\u00e3o que percorre frequ\u00eancias da&nbsp;<strong>5\u00aa \u00e0 9\u00aa dimens\u00e3o<\/strong>.<\/p>\n\n\n\n<p class=\"wp-block-paragraph\">\u00c9 nesse espa\u00e7o que diferentes consci\u00eancias, informa\u00e7\u00f5es e qualidades vibracionais se encontram.<\/p>\n\n\n\n<p class=\"wp-block-paragraph\">E talvez exista aqui uma imagem bonita para compreender todo o processo:&nbsp;<strong>uma geometria de estabilidade sustentando um movimento de expans\u00e3o<\/strong>.<\/p>\n\n\n\n<p class=\"wp-block-paragraph\">A estrutura n\u00e3o existe para limitar. Ela existe para sustentar aquilo que deseja se manifestar.<\/p>\n\n\n\n<p class=\"wp-block-paragraph\">Da mesma forma, a sintoniza\u00e7\u00e3o n\u00e3o busca nos retirar da experi\u00eancia humana, mas favorecer uma&nbsp;<strong>reconex\u00e3o mais profunda entre aquilo que estamos vivendo aqui e dimens\u00f5es mais amplas de nossa pr\u00f3pria consci\u00eancia<\/strong>.<\/p>\n\n\n\n<figure class=\"wp-block-pullquote\"><blockquote><p>Pleiadianos.<br>Arcturianos.<br>Sirianos.<br>Andromedanos.<\/p><\/blockquote><\/figure>\n\n\n\n<figure class=\"wp-block-pullquote\"><blockquote><p>Quatro frequ\u00eancias.<br>Quatro intelig\u00eancias.<br>Um \u00fanico campo multidimensional.<\/p><\/blockquote><\/figure>\n\n\n\n<p class=\"wp-block-paragraph\">\u00c9 dentro dessa arquitetura que o processo acontece, respeitando o momento, a necessidade e o campo de cada ser.<\/p>\n\n\n\n<p class=\"wp-block-paragraph\">Porque, no centro de toda a Sintonia da Alma, existe um movimento essencial:<\/p>\n\n\n\n<p class=\"wp-block-paragraph\"><strong>recordar quem somos para al\u00e9m das camadas que fomos acumulando ao longo das experi\u00eancias humanas.<\/strong><\/p>\n\n\n\n<p class=\"wp-block-paragraph\">\u2728&nbsp;<strong>Sintonizar \u00e9 reencontrar a verdade da Alma.<\/strong><\/p>\n","protected":false},"excerpt":{"rendered":"<p>Um quarteto de consci\u00eancias. Uma arquitetura multidimensional. Um campo de conex\u00e3o, integra\u00e7\u00e3o e expans\u00e3o. A Sintonia da Alma nasceu como um processo de reconex\u00e3o entre o&nbsp;Eu Humano e o Eu Espiritual. Ao longo de seu desenvolvimento, diferentes frequ\u00eancias, geometrias e consci\u00eancias passaram a compor o campo no qual esse trabalho acontece. Entre elas, quatro consci\u00eancias [&hellip;]<\/p>\n","protected":false},"author":1,"featured_media":123,"comment_status":"open","ping_status":"open","sticky":false,"template":"","format":"standard","meta":{"footnotes":""},"categories":[1],"tags":[],"class_list":["post-118","post","type-post","status-publish","format-standard","has-post-thumbnail","hentry","category-blog"],"_links":{"self":[{"href":"https:\/\/rosanakalil.com.br\/alma\/wp-json\/wp\/v2\/posts\/118","targetHints":{"allow":["GET"]}}],"collection":[{"href":"https:\/\/rosanakalil.com.br\/alma\/wp-json\/wp\/v2\/posts"}],"about":[{"href":"https:\/\/rosanakalil.com.br\/alma\/wp-json\/wp\/v2\/types\/post"}],"author":[{"embeddable":true,"href":"https:\/\/rosanakalil.com.br\/alma\/wp-json\/wp\/v2\/users\/1"}],"replies":[{"embeddable":true,"href":"https:\/\/rosanakalil.com.br\/alma\/wp-json\/wp\/v2\/comments?post=118"}],"version-history":[{"count":1,"href":"https:\/\/rosanakalil.com.br\/alma\/wp-json\/wp\/v2\/posts\/118\/revisions"}],"predecessor-version":[{"id":124,"href":"https:\/\/rosanakalil.com.br\/alma\/wp-json\/wp\/v2\/posts\/118\/revisions\/124"}],"wp:featuredmedia":[{"embeddable":true,"href":"https:\/\/rosanakalil.com.br\/alma\/wp-json\/wp\/v2\/media\/123"}],"wp:attachment":[{"href":"https:\/\/rosanakalil.com.br\/alma\/wp-json\/wp\/v2\/media?parent=118"}],"wp:term":[{"taxonomy":"category","embeddable":true,"href":"https:\/\/rosanakalil.com.br\/alma\/wp-json\/wp\/v2\/categories?post=118"},{"taxonomy":"post_tag","embeddable":true,"href":"https:\/\/rosanakalil.com.br\/alma\/wp-json\/wp\/v2\/tags?post=118"}],"curies":[{"name":"wp","href":"https:\/\/api.w.org\/{rel}","templated":true}]}}