{"id":114,"date":"2026-08-12T11:34:00","date_gmt":"2026-08-12T14:34:00","guid":{"rendered":"https:\/\/rosanakalil.com.br\/alma\/?p=114"},"modified":"2026-09-02T11:37:53","modified_gmt":"2026-09-02T14:37:53","slug":"a-nova-terra-a-atualizacao-da-consciencia-de-gaia","status":"publish","type":"post","link":"https:\/\/rosanakalil.com.br\/alma\/a-nova-terra-a-atualizacao-da-consciencia-de-gaia\/","title":{"rendered":"A Nova Terra: A Atualiza\u00e7\u00e3o da Consci\u00eancia de Gaia"},"content":{"rendered":"\n<pre class=\"wp-block-preformatted\">Uma via de m\u00e3o dupla de luz e evolu\u00e7\u00e3o<\/pre>\n\n\n\n<p class=\"wp-block-paragraph\">Almas amadas,<\/p>\n\n\n\n<p class=\"wp-block-paragraph\">A Nova Terra n\u00e3o \u00e9 necessariamente um aspecto f\u00edsico ou materializado do planeta. A Nova Terra \u00e9 um plano de consci\u00eancia. \u00c9 uma atualiza\u00e7\u00e3o da consci\u00eancia de Gaia.<\/p>\n\n\n\n<p class=\"wp-block-paragraph\">Conforme essa atualiza\u00e7\u00e3o de Gaia acontece, aqueles que conseguem sintonizar sua pr\u00f3pria consci\u00eancia a essa nova express\u00e3o passam, de fato, a experienciar a Nova Terra.<\/p>\n\n\n\n<p class=\"wp-block-paragraph\">N\u00e3o \u00e9 efetivamente a forma f\u00edsica que est\u00e1 mudando. Isso tamb\u00e9m acontecer\u00e1, naturalmente, e em algum momento do futuro essa transforma\u00e7\u00e3o alcan\u00e7ar\u00e1 a mat\u00e9ria. Porque, primeiro, \u00e9 necess\u00e1rio que a mudan\u00e7a aconte\u00e7a no plano sutil, para depois se manifestar no plano f\u00edsico.<\/p>\n\n\n\n<figure class=\"wp-block-image is-resized\"><a class=\"image-link image2 is-viewable-img can-restack\" href=\"https:\/\/substackcdn.com\/image\/fetch\/$s_!ToIM!,f_auto,q_auto:good,fl_progressive:steep\/https%3A%2F%2Fsubstack-post-media.s3.amazonaws.com%2Fpublic%2Fimages%2Fef80764a-89f6-4bd5-b37d-0a64644b9b05_1536x1024.png\" target=\"_blank\" rel=\"noopener\"><img decoding=\"async\" src=\"https:\/\/substackcdn.com\/image\/fetch\/$s_!ToIM!,w_1456,c_limit,f_auto,q_auto:good,fl_progressive:steep\/https%3A%2F%2Fsubstack-post-media.s3.amazonaws.com%2Fpublic%2Fimages%2Fef80764a-89f6-4bd5-b37d-0a64644b9b05_1536x1024.png\" alt=\"\" style=\"aspect-ratio:1.4994850669412976;width:1456px;height:auto\"\/><\/a><\/figure>\n\n\n\n<p class=\"wp-block-paragraph\">Em tudo funciona assim. Quando ocorre uma altera\u00e7\u00e3o de consci\u00eancia no ser humano, essa transforma\u00e7\u00e3o percorre os corpos sutis at\u00e9 alcan\u00e7ar o n\u00edvel f\u00edsico.<\/p>\n\n\n\n<p class=\"wp-block-paragraph\">\u00c9 por isso que, muitas vezes, voc\u00eas se perguntam por que isso demora. Por que determinada tomada de consci\u00eancia demora a repercutir no plano f\u00edsico? Porque existe a necessidade de que ela percorra os planos et\u00e9ricos, atualizando cada um deles, at\u00e9 finalmente alcan\u00e7ar o corpo f\u00edsico. E isso demanda um determinado tempo. N\u00e3o um tempo linear, e n\u00e3o da mesma forma para todos. Existem seres que atualizam esses corpos de maneira muito mais veloz, devido a um processo de maior alinhamento entre eles.<\/p>\n\n\n\n<p class=\"wp-block-paragraph\">Quando existem menos bloqueios na comunica\u00e7\u00e3o entre os corpos, a energia e a informa\u00e7\u00e3o se propagam de maneira muito mais fluida. N\u00e3o encontram tantos atritos ou resist\u00eancias e, assim, conseguem se manifestar no plano f\u00edsico.<\/p>\n\n\n\n<p class=\"wp-block-paragraph\">Esse \u00e9 o caminho comum, e \u00e9 tamb\u00e9m o que est\u00e1 acontecendo com a Nova Terra. Existe uma nova fase da consci\u00eancia de Gaia direcionada para a quinta dimens\u00e3o. Essa fase j\u00e1 est\u00e1 acontecendo e, consequentemente, atua tamb\u00e9m na atualiza\u00e7\u00e3o dos seres humanos e, na verdade, de todos os seres que hoje est\u00e3o encarnados ou, de alguma forma, materializados no planeta Terra.<\/p>\n\n\n\n<p class=\"wp-block-paragraph\">N\u00f3s falamos dos seres humanos, mas os animais, o reino vegetal, o reino mineral e todos os reinos est\u00e3o passando por atualiza\u00e7\u00f5es. Essas atualiza\u00e7\u00f5es percorrem os planos, respeitando as caracter\u00edsticas \u00fanicas de cada corpo e de cada reino, at\u00e9 alcan\u00e7arem o plano f\u00edsico. \u00c9 por isso que, muitas vezes, hoje voc\u00eas pegam um cristal ou entram em contato com uma planta e percebem que existe algo diferente naquele cristal ou naquela planta, porque eles tamb\u00e9m est\u00e3o sendo atualizados. Os animais igualmente est\u00e3o passando por esse processo. Existe uma nova consci\u00eancia, se assim podemos dizer, manifestando-se no reino animal, permitindo que eles captem informa\u00e7\u00f5es que antes n\u00e3o eram captadas. Novas habilidades, inclusive mentais, est\u00e3o sendo aprimoradas no reino animal.<\/p>\n\n\n\n<p class=\"wp-block-paragraph\">N\u00f3s seguimos afirmando, portanto, que a Nova Terra \u00e9 um estado de consci\u00eancia que est\u00e1 sendo materializado no campo f\u00edsico e nos demais corpos, conforme a transi\u00e7\u00e3o planet\u00e1ria se desenvolve. Mas, para que essa materializa\u00e7\u00e3o aconte\u00e7a, \u00e9 necess\u00e1rio que os bloqueios, humanos ou planet\u00e1rios, sejam limpos. \u00c9 isso que traz \u00e0 tona toda essa negatividade e todas as situa\u00e7\u00f5es desafiadoras que voc\u00eas est\u00e3o enfrentando neste momento. Voc\u00eas j\u00e1 t\u00eam essa compreens\u00e3o: quanto mais energia e mais informa\u00e7\u00e3o ingressam, mais escurid\u00e3o pode aparecer. E por qu\u00ea? Porque aquilo que estava escondido vem \u00e0 tona. E est\u00e1 tudo bem. Est\u00e3o apenas transformando sombra em luz. \u00c9 um processo que demanda paci\u00eancia, mas que, em contra partida, reintegra e gera muita energia.<\/p>\n\n\n\n<p class=\"wp-block-paragraph\">Toda vez que voc\u00eas transformam sombra em luz, existe um potencial energ\u00e9tico gigantesco que retorna ao campo de voc\u00eas. Esse potencial, que estava escondido, como algo deixado debaixo do tapete, volta ao campo e \u00e9 reintegrado. E essa reintegra\u00e7\u00e3o traz mais ess\u00eancia, mais conex\u00e3o e mais presen\u00e7a de quem voc\u00eas realmente s\u00e3o.<\/p>\n\n\n\n<p class=\"wp-block-paragraph\">Ent\u00e3o, quando falamos sobre o quanto \u00e9 importante essa atualiza\u00e7\u00e3o da consci\u00eancia, tanto de voc\u00eas quanto do planeta, \u00e9 importante que voc\u00eas compreendam profundamente o que isso significa.<\/p>\n\n\n\n<p class=\"wp-block-paragraph\">Existe uma necessidade muito clara de alcan\u00e7ar esse campo de quinta dimens\u00e3o para que, a partir desse impulso, as informa\u00e7\u00f5es da quinta dimens\u00e3o percorram os demais corpos sutis, trazendo muito mais consci\u00eancia para essas sombras, at\u00e9 que finalmente se direcionem ao n\u00edvel f\u00edsico.<\/p>\n\n\n\n<p class=\"wp-block-paragraph\">Isso \u00e9 criar a Nova Terra: permitir que as informa\u00e7\u00f5es da quinta dimens\u00e3o sejam acopladas, sejam instaladas nos corpos sutis e no corpo f\u00edsico de cada ser encarnado.<\/p>\n\n\n\n<p class=\"wp-block-paragraph\">\u00c0s vezes, a atualiza\u00e7\u00e3o acontece com muita rapidez e sucesso. Entretanto, em alguns momentos, essa atualiza\u00e7\u00e3o encontra um erro no meio do caminho. \u00c9 como se fosse um software sendo instalado em um hardware, em um computador. Nem sempre a instala\u00e7\u00e3o desse software naquele momento \u00e9 bem-sucedida. Algumas vezes, por uma incapacidade do hardware; outras vezes, por uma incapacidade do software. O software representa o plano sutil de todos os seres, enquanto o hardware representa o plano f\u00edsico.<\/p>\n\n\n\n<p class=\"wp-block-paragraph\">Quando voc\u00eas compreendem isso, voc\u00eas param de ter pressa. Voc\u00eas entendem que essa instala\u00e7\u00e3o \u00e9 autom\u00e1tica. Contudo, existem pr\u00e9-requisitos para que essas atualiza\u00e7\u00f5es aconte\u00e7am. Existe a necessidade de uma conex\u00e3o, como uma conex\u00e3o de internet. Essa conex\u00e3o mais clara com o Eu Superior, com a ess\u00eancia divina, \u00e9 pe\u00e7a chave. Esse canal precisa estar cada vez mais alinhado para que as atualiza\u00e7\u00f5es sejam instaladas e integrem efetivamente nos corpos humanos.<\/p>\n\n\n\n<p class=\"wp-block-paragraph\">A partir dessas atualiza\u00e7\u00f5es, inicia-se um processo de integra\u00e7\u00e3o em cascata dos demais corpos. E, caso elas encontrem algum tipo de bloqueio ou limita\u00e7\u00e3o, podem n\u00e3o acontecer ou acontecer apenas parcialmente. Mas, isso n\u00e3o impede o processo. Voc\u00eas n\u00e3o precisam ficar o tempo todo pensando: \u201cAh, mas eu quero atualizar, eu quero atualizar\u201d. Essa energia j\u00e1 est\u00e1 no campo, pronta para a atualiza\u00e7\u00e3o. Ent\u00e3o, quando voc\u00eas liberam uma situa\u00e7\u00e3o espec\u00edfica, um bloqueio espec\u00edfico, essa energia \u00e9 instalada automaticamente.<\/p>\n\n\n\n<p class=\"wp-block-paragraph\">Por isso, n\u00e3o se preocupem. O seu papel na Nova Terra \u00e9 libertarem-se daquilo que aprisionam voc\u00eas. O seu papel na Nova Terra n\u00e3o \u00e9 buscar as atualiza\u00e7\u00f5es, porque elas acontecer\u00e3o automaticamente. A miss\u00e3o \u00e9 abrir caminho para que essas atualiza\u00e7\u00f5es aconte\u00e7am. Quando voc\u00eas abrem esse caminho, os seus hardwares e os seus softwares s\u00e3o atualizados.<\/p>\n\n\n\n<p class=\"wp-block-paragraph\">E ent\u00e3o, o que acontece? Voc\u00eas passam a estar um grau a mais sintonizados com a consci\u00eancia da quinta dimens\u00e3o. E essa consci\u00eancia trar\u00e1 cada vez mais atualiza\u00e7\u00f5es.<\/p>\n\n\n\n<p class=\"wp-block-paragraph\">Cada a\u00e7\u00e3o que tomam em dire\u00e7\u00e3o \u00e0 essa limpeza e desbloqueio dos corpos sutis prepara voc\u00eas para \u00e0s atualiza\u00e7\u00f5es e integra\u00e7\u00f5es provenientes da nova grade cristalina de Gaia. E essa \u00e9 a parte ativa sobre a qual voc\u00eas podem atuar. A parte passiva s\u00e3o as atualiza\u00e7\u00f5es autom\u00e1ticas que existem. \u00c9 imposs\u00edvel que um ser residente do planeta Terra n\u00e3o receba atualiza\u00e7\u00f5es. Ele pode n\u00e3o estar preparado para receb\u00ea-las, mas, assim que o campo e os corpos estiverem alinhados, ele as recebe.<\/p>\n\n\n\n<blockquote class=\"wp-block-quote is-layout-flow wp-block-quote-is-layout-flow\">\n<p class=\"wp-block-paragraph\">O papel ativo, a a\u00e7\u00e3o de cada um de voc\u00eas, \u00e9 preparar os corpos sutis e o corpo f\u00edsico para o recebimento dessas atualiza\u00e7\u00f5es. E a prepara\u00e7\u00e3o desses corpos acontece por meio da limpeza, da harmoniza\u00e7\u00e3o e da cria\u00e7\u00e3o de uma estrutura energ\u00e9tica cristalina capaz de sustentar esse novo grau de consci\u00eancia.<\/p>\n<\/blockquote>\n\n\n\n<p class=\"wp-block-paragraph\">Quando existem bloqueios, entraves, cren\u00e7as ou emo\u00e7\u00f5es distorcidas, voc\u00eas n\u00e3o conseguem criar a estrutura necess\u00e1ria para o recebimento e o acoplamento das atualiza\u00e7\u00f5es da quinta dimens\u00e3o.<\/p>\n\n\n\n<p class=\"wp-block-paragraph\">Ent\u00e3o, h\u00e1 uma via de m\u00e3o dupla, na qual Gaia atualiza voc\u00eas e voc\u00eas atualizam Gaia. Entretanto, existe a necessidade dessa estrutura. H\u00e1 seres que possuem uma conex\u00e3o direta com o cosmos, que captam essas atualiza\u00e7\u00f5es c\u00f3smicas e ajudam a transmiti-las para o planeta. N\u00e3o s\u00e3o todos os seres, mas muitos est\u00e3o encarnados para auxiliar nesse processo. Da mesma forma, Gaia traz atualiza\u00e7\u00f5es para muitos, inclusive para aqueles que tamb\u00e9m recebem atualiza\u00e7\u00f5es c\u00f3smicas.<\/p>\n\n\n\n<p class=\"wp-block-paragraph\">\u00c9 uma troca eterna, compreendem? N\u00e3o \u00e9 porque um ser recebe atualiza\u00e7\u00f5es c\u00f3smicas que ele deixa de se beneficiar das atualiza\u00e7\u00f5es de Gaia. S\u00e3o c\u00f3digos diferentes, perspectivas diferentes, informa\u00e7\u00f5es diferentes, provenientes de diferentes n\u00edveis de consci\u00eancia e de diferentes qualidades energ\u00e9ticas. E isso n\u00e3o significa que as energias c\u00f3smicas sejam superiores \u00e0s energias de Gaia. Gaia \u00e9 uma grande biblioteca que est\u00e1 despertando, e voc\u00eas j\u00e1 sabem disso. E, ao despertar, ela tamb\u00e9m desperta os seus c\u00f3digos. Esses c\u00f3digos, que est\u00e3o ali imersos, s\u00e3o de extrema import\u00e2ncia para todo um processo de atualiza\u00e7\u00e3o c\u00f3smico.<\/p>\n\n\n\n<p class=\"wp-block-paragraph\">Sempre existe uma via de m\u00e3o dupla. Sempre haver\u00e1 o dar e receber em todos esses processos.<\/p>\n\n\n\n<p class=\"wp-block-paragraph\">Quando voc\u00eas compreendem isso, compreendem tamb\u00e9m a cria\u00e7\u00e3o da Nova Terra e o interc\u00e2mbio que existe entre os seres do planeta Terra, a consci\u00eancia de Gaia e as consci\u00eancias c\u00f3smicas.<\/p>\n\n\n\n<p class=\"wp-block-paragraph\">Com amor e paz,<\/p>\n\n\n\n<p class=\"wp-block-paragraph\"><em><strong>Consci\u00eancias Estelares.<\/strong><\/em><\/p>\n\n\n\n<p class=\"wp-block-paragraph\"><em>Canalizado em 12\/08\/2026<\/em><\/p>\n","protected":false},"excerpt":{"rendered":"<p>Uma via de m\u00e3o dupla de luz e evolu\u00e7\u00e3o Almas amadas, A Nova Terra n\u00e3o \u00e9 necessariamente um aspecto f\u00edsico ou materializado do planeta. A Nova Terra \u00e9 um plano de consci\u00eancia. \u00c9 uma atualiza\u00e7\u00e3o da consci\u00eancia de Gaia. Conforme essa atualiza\u00e7\u00e3o de Gaia acontece, aqueles que conseguem sintonizar sua pr\u00f3pria consci\u00eancia a essa nova [&hellip;]<\/p>\n","protected":false},"author":1,"featured_media":116,"comment_status":"open","ping_status":"open","sticky":false,"template":"","format":"standard","meta":{"footnotes":""},"categories":[7],"tags":[],"class_list":["post-114","post","type-post","status-publish","format-standard","has-post-thumbnail","hentry","category-canalizacao"],"_links":{"self":[{"href":"https:\/\/rosanakalil.com.br\/alma\/wp-json\/wp\/v2\/posts\/114","targetHints":{"allow":["GET"]}}],"collection":[{"href":"https:\/\/rosanakalil.com.br\/alma\/wp-json\/wp\/v2\/posts"}],"about":[{"href":"https:\/\/rosanakalil.com.br\/alma\/wp-json\/wp\/v2\/types\/post"}],"author":[{"embeddable":true,"href":"https:\/\/rosanakalil.com.br\/alma\/wp-json\/wp\/v2\/users\/1"}],"replies":[{"embeddable":true,"href":"https:\/\/rosanakalil.com.br\/alma\/wp-json\/wp\/v2\/comments?post=114"}],"version-history":[{"count":1,"href":"https:\/\/rosanakalil.com.br\/alma\/wp-json\/wp\/v2\/posts\/114\/revisions"}],"predecessor-version":[{"id":115,"href":"https:\/\/rosanakalil.com.br\/alma\/wp-json\/wp\/v2\/posts\/114\/revisions\/115"}],"wp:featuredmedia":[{"embeddable":true,"href":"https:\/\/rosanakalil.com.br\/alma\/wp-json\/wp\/v2\/media\/116"}],"wp:attachment":[{"href":"https:\/\/rosanakalil.com.br\/alma\/wp-json\/wp\/v2\/media?parent=114"}],"wp:term":[{"taxonomy":"category","embeddable":true,"href":"https:\/\/rosanakalil.com.br\/alma\/wp-json\/wp\/v2\/categories?post=114"},{"taxonomy":"post_tag","embeddable":true,"href":"https:\/\/rosanakalil.com.br\/alma\/wp-json\/wp\/v2\/tags?post=114"}],"curies":[{"name":"wp","href":"https:\/\/api.w.org\/{rel}","templated":true}]}}